{"id":3126,"date":"2019-05-20T14:13:58","date_gmt":"2019-05-20T14:13:58","guid":{"rendered":"https:\/\/fetajorentacar.com\/?p=3126"},"modified":"2019-10-30T10:45:14","modified_gmt":"2019-10-30T10:45:14","slug":"el-tiguan-para-el-rent-a-car-en-malaga","status":"publish","type":"post","link":"https:\/\/fetajorentacar.com\/es\/el-tiguan-para-el-rent-a-car-en-malaga\/","title":{"rendered":"El Tiguan para el rent a car en M\u00e1laga"},"content":{"rendered":"<h2><span style=\"font-weight: 400;\">Probamos el Volkswagen Tiguan <\/span><\/h2>\n<p><span style=\"font-weight: 400;\">Esta vez os hablamos del nuevo Volkswagen Tiguan. Este modelo de la marca alemana es ideal por si viajas con familia o amigos por M\u00e1laga. \u00a1Alquilalo en una de nuestras <\/span><a href=\"https:\/\/fetajorentacar.com\/contact-us-rent-car-malaga-airport\/\"><span style=\"font-weight: 400;\">oficinas<\/span><\/a><span style=\"font-weight: 400;\">!<\/span><\/p>\n<p><iframe title=\"New Volkswagen Tiguan in Fetajo Rent a Car\" width=\"800\" height=\"450\" src=\"https:\/\/www.youtube.com\/embed\/U2YsUul402Q?feature=oembed\" frameborder=\"0\" allow=\"accelerometer; autoplay; clipboard-write; encrypted-media; gyroscope; picture-in-picture; web-share\" referrerpolicy=\"strict-origin-when-cross-origin\" allowfullscreen><\/iframe><\/p>\n<p><span style=\"font-weight: 400;\">El Tiguan mide 4,7 m de largo y una altura de 1,8 m. Esta nueva versi\u00f3n del Tiguan podemos apreciar que tiene un renovado dise\u00f1o con l\u00edneas rectas alrededor del veh\u00edculo. Encima de las ruedas tambi\u00e9n podemos apreciar unas l\u00edneas marcadas, que le dan un car\u00e1cter de coche robusto.<\/span><\/p>\n<p><span style=\"font-weight: 400;\">Los faros vienen con tecnolog\u00eda LED, los cuales tienen una vida \u00fatil m\u00e1s larga y un menor consumo.<\/span><\/p>\n<p><img fetchpriority=\"high\" decoding=\"async\" class=\"alignnone size-full wp-image-3131\" src=\"https:\/\/fetajorentacar.com\/wp-content\/uploads\/2019\/05\/Tiguan.png\" alt=\"Tiguan car hire malaga airport\" width=\"1200\" height=\"800\" srcset=\"https:\/\/fetajorentacar.com\/wp-content\/uploads\/2019\/05\/Tiguan.png 1200w, https:\/\/fetajorentacar.com\/wp-content\/uploads\/2019\/05\/Tiguan-300x200.png 300w, https:\/\/fetajorentacar.com\/wp-content\/uploads\/2019\/05\/Tiguan-768x512.png 768w, https:\/\/fetajorentacar.com\/wp-content\/uploads\/2019\/05\/Tiguan-1024x683.png 1024w\" sizes=\"(max-width: 1200px) 100vw, 1200px\" \/><\/p>\n<p><span style=\"font-weight: 400;\">Cuenta con retrovisores abatibles el\u00e9ctricos, llevan tambi\u00e9n incorporados luces LED para marcar la direcci\u00f3n que se haga la maniobra. En el techo se sit\u00faan portaequipajes con la posibilidad de colocar accesorios como el portamaletas o el portaesqu\u00eds.<\/span><\/p>\n<p><span style=\"font-weight: 400;\">La parte trasera del veh\u00edculo tiene un aler\u00f3n trasero con una tercera luz de freno incorporada. Los faros traseros utilizan tecnolog\u00eda LED. El maletero se puede abrir de manera autom\u00e1tica pulsando un bot\u00f3n de la llave y tiene una capacidad de 615 litros. Si queremos aumentarlo a 1.655 litros, tan solo tendremos que bajar la \u00faltima fila de asientos. <\/span><\/p>\n<p><span style=\"font-weight: 400;\">En el interior encontramos un volante multifunci\u00f3n que se puede regular tanto en altura como en profundidad. Desde \u00e9l, podemos contestar a nuestro m\u00f3vil. Tambi\u00e9n podemos cambiar de emisoras, controlar el control de crucero, decidir qu\u00e9 informaci\u00f3n queremos ver en la pantalla que tenemos enfrente, eligiendo entre ver el veloc\u00edmetro, el tac\u00f3metro, la cantidad de combustible que tenemos disponible, el consumo en tiempo real y mucha m\u00e1s informaci\u00f3n. En la parte central del coche, se dispone una pantalla t\u00e1ctil de 8 pulgadas<\/span><\/p>\n<p><img decoding=\"async\" class=\"alignnone size-full wp-image-3129\" src=\"https:\/\/fetajorentacar.com\/wp-content\/uploads\/2019\/05\/Tiguan-2.png\" alt=\"\" width=\"1200\" height=\"800\" srcset=\"https:\/\/fetajorentacar.com\/wp-content\/uploads\/2019\/05\/Tiguan-2.png 1200w, https:\/\/fetajorentacar.com\/wp-content\/uploads\/2019\/05\/Tiguan-2-300x200.png 300w, https:\/\/fetajorentacar.com\/wp-content\/uploads\/2019\/05\/Tiguan-2-768x512.png 768w, https:\/\/fetajorentacar.com\/wp-content\/uploads\/2019\/05\/Tiguan-2-1024x683.png 1024w\" sizes=\"(max-width: 1200px) 100vw, 1200px\" \/><\/p>\n<p><span style=\"font-weight: 400;\">El equipamiento interior es fant\u00e1stico, existen distintos sitios en el coche donde guardar objetos, como puede ser el apoyabrazos, en la parte de en medio de la consola central, donde hay dos sujetavasos, adem\u00e1s, son ajustables. Tambi\u00e9n hay sitio para guardar objetos en los huecos de las puertas y en la guantera. En el techo tambi\u00e9n hay un hueco, para guardar por ejemplo las gafas de sol y finalmente en el salpicadero, tambi\u00e9n hay un peque\u00f1o ba\u00fal.<\/span><\/p>\n<p><span style=\"font-weight: 400;\">El Tiguan equipa climatizaci\u00f3n trizona, tanto para el piloto, para el copiloto y para los pasajeros de la segunda fila. Tambi\u00e9n hay el bot\u00f3n de encender el coche, el freno de mano y un bot\u00f3n que nos permite seleccionar los modos de conducci\u00f3n. Podemos escoger entre modo nieve, que funciona muy bien para conducci\u00f3n con lluvia y el modo carretera, pudiendo escoger entre 4 opciones: Modo individual, modo ECO, modo normal y modo deportivo. <\/span><\/p>\n<p>&nbsp;<\/p>\n<p><img decoding=\"async\" class=\"alignnone size-full wp-image-3127\" src=\"https:\/\/fetajorentacar.com\/wp-content\/uploads\/2019\/05\/Interior-Tiguan.png\" alt=\"\" width=\"1200\" height=\"800\" srcset=\"https:\/\/fetajorentacar.com\/wp-content\/uploads\/2019\/05\/Interior-Tiguan.png 1200w, https:\/\/fetajorentacar.com\/wp-content\/uploads\/2019\/05\/Interior-Tiguan-300x200.png 300w, https:\/\/fetajorentacar.com\/wp-content\/uploads\/2019\/05\/Interior-Tiguan-768x512.png 768w, https:\/\/fetajorentacar.com\/wp-content\/uploads\/2019\/05\/Interior-Tiguan-1024x683.png 1024w\" sizes=\"(max-width: 1200px) 100vw, 1200px\" \/><\/p>\n<p><span style=\"font-weight: 400;\">En la segunda fila, hay espacio suficiente para tres personas adultas. Adem\u00e1s, detr\u00e1s de los asientos delanteros hay dos mesitas que incluyen sujetavasos. Tambi\u00e9n encontraremos una conexi\u00f3n USB y una de 12V y climatizaci\u00f3n independiente. Si solo van dos personas en la segunda fila, podemos bajar el asiento del medio y se convertir\u00e1 en un apoyabrazos que incluye tambi\u00e9n dos sujetavasos incrustados. Hay mucho espacio, por lo tanto ser\u00e1 muy c\u00f3modo viajar por la Costa del Sol a bordo de este fant\u00e1stico Tiguan gracias al servicio <\/span><a href=\"https:\/\/fetajorentacar.com\/es\/alquiler-coches\/\"><span style=\"font-weight: 400;\">rent a car<\/span><\/a><span style=\"font-weight: 400;\"> de Fetajo.<\/span><\/p>\n<p><span style=\"font-weight: 400;\">A la hora de conducir este veh\u00edculo, el conductor se encuentra en una posici\u00f3n elevada y ve de una manera clara la carretera, ya que se encuentra por encima del promedio de los veh\u00edculos que se encuentran circulando. A la hora de conducir este coche, te adaptas enseguida. Es muy f\u00e1cil de conducir y es ideal tanto para ciudad como para carretera. <\/span><\/p>\n<p><span style=\"font-weight: 400;\">\u00a1No lo dudes m\u00e1s y <\/span><a href=\"https:\/\/fetajorentacar.com\/es\/\"><span style=\"font-weight: 400;\">reserva<\/span><\/a><span style=\"font-weight: 400;\"> este espectacular veh\u00edculo! No te decepcionar\u00e1.<\/span><\/p>\n<p>&nbsp;<\/p>\n","protected":false},"excerpt":{"rendered":"<p>Probamos el Volkswagen Tiguan Esta vez os hablamos del nuevo Volkswagen Tiguan. [&hellip;]<\/p>\n","protected":false},"author":1,"featured_media":3129,"comment_status":"open","ping_status":"closed","sticky":false,"template":"","format":"standard","meta":{"footnotes":"","rank_math_title":"El Tiguan Para El Rent A Car En M\u00e1laga | Fetajo Rent a Car","rank_math_description":"Descubre El Tiguan para el rent a car en M\u00e1laga en M\u00e1laga con Fetajo Rent a Car. Alquila tu coche en el aeropuerto de M\u00e1laga y explora la Costa del Sol.","rank_math_canonical_url":"","rank_math_focus_keyword":"El Tiguan para el rent a car en M\u00e1laga"},"categories":[11],"tags":[],"class_list":["post-3126","post","type-post","status-publish","format-standard","has-post-thumbnail","hentry","category-modelos"],"_links":{"self":[{"href":"https:\/\/fetajorentacar.com\/es\/wp-json\/wp\/v2\/posts\/3126","targetHints":{"allow":["GET"]}}],"collection":[{"href":"https:\/\/fetajorentacar.com\/es\/wp-json\/wp\/v2\/posts"}],"about":[{"href":"https:\/\/fetajorentacar.com\/es\/wp-json\/wp\/v2\/types\/post"}],"author":[{"embeddable":true,"href":"https:\/\/fetajorentacar.com\/es\/wp-json\/wp\/v2\/users\/1"}],"replies":[{"embeddable":true,"href":"https:\/\/fetajorentacar.com\/es\/wp-json\/wp\/v2\/comments?post=3126"}],"version-history":[{"count":0,"href":"https:\/\/fetajorentacar.com\/es\/wp-json\/wp\/v2\/posts\/3126\/revisions"}],"wp:featuredmedia":[{"embeddable":true,"href":"https:\/\/fetajorentacar.com\/es\/wp-json\/wp\/v2\/media\/3129"}],"wp:attachment":[{"href":"https:\/\/fetajorentacar.com\/es\/wp-json\/wp\/v2\/media?parent=3126"}],"wp:term":[{"taxonomy":"category","embeddable":true,"href":"https:\/\/fetajorentacar.com\/es\/wp-json\/wp\/v2\/categories?post=3126"},{"taxonomy":"post_tag","embeddable":true,"href":"https:\/\/fetajorentacar.com\/es\/wp-json\/wp\/v2\/tags?post=3126"}],"curies":[{"name":"wp","href":"https:\/\/api.w.org\/{rel}","templated":true}]}}