{"id":668,"date":"2019-01-28T15:34:43","date_gmt":"2019-01-28T15:34:43","guid":{"rendered":"https:\/\/fetajorentacar.com\/?p=668"},"modified":"2019-06-06T17:04:58","modified_gmt":"2019-06-06T17:04:58","slug":"probamos-el-nuevo-audi-a4-por-malaga","status":"publish","type":"post","link":"https:\/\/fetajorentacar.com\/es\/probamos-el-nuevo-audi-a4-por-malaga\/","title":{"rendered":"Probamos el nuevo Audi A4 por M\u00e1laga"},"content":{"rendered":"<p><span style=\"font-weight: 400;\">La 5\u00ba generaci\u00f3n del audi A4 ha llegado a M\u00e1laga de las manos de Fetajo rent a car para disfrutar de una perfecta conducci\u00f3n alquilando un coche en M\u00e1laga.Es esta ocasi\u00f3n probamos la nueva versi\u00f3n del <\/span><a href=\"https:\/\/fetajorentacar.com\/es\/alquiler-coches\/\"><span style=\"font-weight: 400;\">Audi A4 <\/span><\/a><span style=\"font-weight: 400;\">disponible en las oficinas de alquiler de coches en M\u00e1laga <\/span><a href=\"https:\/\/fetajorentacar.com\/es\/\"><span style=\"font-weight: 400;\">Fetajorentacar<\/span><\/a><\/p>\n<p><img decoding=\"async\" class=\"img-responsive\" src=\"https:\/\/fetajorentacar.com\/wp-content\/uploads\/2019\/01\/ausi-a4-malaga-car-hire.jpg\" alt=\"Prueba Audi A4 por M\u00e1laga car hire malaga airport\" width=\"100%\" \/><\/p>\n<p><span style=\"font-weight: 400;\">Aunque no lo parezca la marca dice que se han renovado un 90% de las piezas del nuevo audi A4, no es de extra\u00f1ar que el fabricante haya sido conservador con las l\u00edneas de la nueva revisi\u00f3n despu\u00e9s de alcanzar m\u00e1s de 12 millones de ventas a sus espaldas.<\/span><\/p>\n<p><span style=\"font-weight: 400;\">Desde Fetajo rent a car probamos las virtudes de este fant\u00e1stica berlina probando un el modelo A4 2.0 Tdi DSG por las calles de M\u00e1laga.Con fetajo podr\u00e1s disfrutar del <\/span><a href=\"https:\/\/fetajorentacar.com\/es\/\"><span style=\"font-weight: 400;\">alquiler de coche \u00a0en M\u00e1laga<\/span><\/a><span style=\"font-weight: 400;\">.<\/span><\/p>\n<p><img decoding=\"async\" class=\"img-responsive\" src=\"https:\/\/fetajorentacar.com\/wp-content\/uploads\/2019\/01\/audi-a4-rent-a-car-malaga.jpg\" alt=\"Prueba Audi A4 por rent a car M\u00e1laga\" width=\"100%\" \/><\/p>\n<p><span style=\"font-weight: 400;\"> El nuevo Audi A4 es un poco m\u00e1s grande que las versiones anteriores, mide 4,73 ml de largo, 1,84 ml de ancho y 1,43 ml de alto.SE ah desarrollado sobre la nueva plataforma MLB Evo estrenada con el nuevo Q, una evoluci\u00f3n de la plataforma que se utilizaba hasta la fecha para los motores en posici\u00f3n horizontal. En Fetajo rent a car ofrecemos una flota moderna con consumos muy reducidos para mejorar tu servicio de<\/span><a href=\"https:\/\/fetajorentacar.com\/es\/alquiler-coches\/\"><span style=\"font-weight: 400;\"> rent a car M\u00e1laga<\/span><\/a><span style=\"font-weight: 400;\">.<\/span><\/p>\n<p><img decoding=\"async\" class=\"img-responsive\" src=\"https:\/\/fetajorentacar.com\/wp-content\/uploads\/2019\/01\/prueba-audi-a4-alquiler-coche-malaga.jpg\" alt=\"Prueba Audi A4 por car hire M\u00e1laga airport\" width=\"100%\" \/><\/p>\n<p><span style=\"font-weight: 400;\">El dise\u00f1o exterior no es una de las grandes novedades del nuevo A4, es pr\u00e1cticamente igual pero en realidad hay ,muchos nuevos detalles, en el frontal la parrilla es m\u00e1s grande y con \u00e1ngulos m\u00e1s marcados. el parachoques es \u00a0m\u00e1s deportivo, equipa nuevas entradas de aire \u00a0\u00a0m\u00e1s grandes y nuevos faros que pueden ser de xen\u00f3n , led o los estupendos matrix led. Recoge este Audi A4 con nuestro servicio de <\/span><a href=\"https:\/\/fetajorentacar.com\/contact-us-rent-car-malaga-airport\/\"><span style=\"font-weight: 400;\">alquiler de coche en Mijas<\/span><\/a><span style=\"font-weight: 400;\">.<\/span><\/p>\n<p><img decoding=\"async\" class=\"img-responsive\" src=\"https:\/\/fetajorentacar.com\/wp-content\/uploads\/2019\/01\/faros-led-a4-alquiler-coche-malaga.jpg\" alt=\"Faros delanteros Prueba Audi A4 por car hire M\u00e1laga airport\" width=\"100%\" \/><\/p>\n<p><span style=\"font-weight: 400;\">En la parte trasera los grupos \u00f3pticos estilizan m\u00e1s su dise\u00f1o, se a\u00f1aden nuevas l\u00edneas de tensi\u00f3n en la puerta del maletero. Los ingenieros de la marca han logrado reducir el peso del veh\u00edculo entre 100 y 150 Kilos seg\u00fan la versi\u00f3n escogida, adem\u00e1s se ha puesto especial inter\u00e9s en mejorar la aerodin\u00e1mica, hasta conseguir el mejor coeficiente del segmento.<\/span><\/p>\n<p><img decoding=\"async\" class=\"img-responsive\" src=\"https:\/\/fetajorentacar.com\/wp-content\/uploads\/2019\/01\/audi-a5-rent-a-car-malaga.jpg\" alt=\"alquiler audi a4 M\u00e1laga\" width=\"100%\" \/><\/p>\n<p><span style=\"font-weight: 400;\">En el interior la sensaci\u00f3n de confort es una de las partes ,m\u00e1s importantes por las que alquilar un Audi A4 para recorrer M\u00e1laga, se ha renovado el formato del salpicadero, ahora se dispone de una pantalla del navegador del sistema de infoentretenimiento situada en una posici\u00f3n m\u00e1s elevada y en formato tablet. Disfruta de la mejor conducci\u00f3n con un Audi A4 por M\u00e1laga con <\/span><a href=\"https:\/\/fetajorentacar.com\/es\/servicios\/\"><span style=\"font-weight: 400;\">rent a car M\u00e1laga<\/span><\/a><span style=\"font-weight: 400;\"> Fetajorentacar.<\/span><\/p>\n<p><img decoding=\"async\" class=\"img-responsive\" src=\"https:\/\/fetajorentacar.com\/wp-content\/uploads\/2019\/01\/salpicadero-audi-a4-rent-a-car-malaga.jpg\" alt=\"salpiucadero interior alquiler audi a4 M\u00e1laga\" width=\"100%\" \/><\/p>\n<p><span style=\"font-weight: 400;\">La tablet de 8,3 pulgadas ofrece una buena visibilidad adem\u00e1s de tener un tama\u00f1o adecuado para el navegador GPS. En algunos de los modelos de Audi A4 puestos en el alquiler de coches en M\u00e1laga disponen de una pantalla en el cuadro de mandos, audi virtual cockpit.<\/span><\/p>\n<p><img decoding=\"async\" class=\"img-responsive\" src=\"https:\/\/fetajorentacar.com\/wp-content\/uploads\/2019\/01\/audi-virtual-cockpit-rent-a-car-malaga.jpg\" alt=\"audi virtual cockpit\" width=\"100%\" \/><\/p>\n<p><span style=\"font-weight: 400;\">En las plazas traseras se ha ganado en confort y comodidad, b\u00e1sicamente debido al aumento de la distancia entre ejes, presenta una banqueta con un acolchado c\u00f3modo pero a la vez manteniendo la rigidez del conjunto. Descubre nuestro servicio \u00a0<\/span><a href=\"https:\/\/fetajorentacar.com\/\"><span style=\"font-weight: 400;\">Car Hire Malaga Airport<\/span><\/a><span style=\"font-weight: 400;\">.<\/span><\/p>\n<p><img decoding=\"async\" class=\"img-responsive\" src=\"https:\/\/fetajorentacar.com\/wp-content\/uploads\/2019\/01\/trasera-audi-a4.jpg\" alt=\"asientos traseros Audi A4\" width=\"100%\" \/><\/p>\n<p><span style=\"font-weight: 400;\">El respaldo recoge bi\u00e9n la espalda y est\u00e1n dise\u00f1ados para acoger muy c\u00f3modamente a 2 personas, la plaza central resulta algo inc\u00f3moda para realizar largos viajes ya que tiene poca altura y adem\u00e1s tiene las salida de aire trasera que interfiere en el espacio para las piernas. Fetajo \u00a0te ofrece el servicio de <\/span><a href=\"https:\/\/fetajorentacar.com\/\"><span style=\"font-weight: 400;\">Rent a Car Malaga Airport<\/span><\/a><span style=\"font-weight: 400;\">.<\/span><\/p>\n<p><img decoding=\"async\" class=\"img-responsive\" src=\"https:\/\/fetajorentacar.com\/wp-content\/uploads\/2019\/01\/maleteroauri-a4.jpg\" alt=\"maletero Audi A4\" width=\"100%\" \/><\/p>\n<p><span style=\"font-weight: 400;\">El maletero tiene una capacidad de 480 l, un espacio muy aprovechable gracias a sus formas rectas y c\u00fabicas, cuenta con ganchos para colgar bolsas, arneses para anclar un red de carga, bajo el piso se encuentra un rueda de repuesto tipo galleta.<\/span><\/p>\n<p><span style=\"font-weight: 400;\">Para m\u00e1s informaci\u00f3n visita nuestro <\/span><a href=\"https:\/\/fetajorentacar.com\/es\/noticias\/\"><span style=\"font-weight: 400;\">Blog de not\u00edcias<\/span><\/a><span style=\"font-weight: 400;\"> o accede a nuestra p\u00e1gina web <\/span><a href=\"https:\/\/fetajorentacar.com\"><span style=\"font-weight: 400;\">www.fetajorentacar.com<\/span><\/a><span style=\"font-weight: 400;\">.<\/span><\/p>\n","protected":false},"excerpt":{"rendered":"<p>La 5\u00ba generaci\u00f3n del audi A4 ha llegado a M\u00e1laga de las [&hellip;]<\/p>\n","protected":false},"author":1,"featured_media":679,"comment_status":"closed","ping_status":"closed","sticky":false,"template":"","format":"standard","meta":{"footnotes":"","rank_math_title":"Audi A4 Alquiler Coche M\u00e1laga | Fetajo Rent a Car","rank_math_description":"Descubre audi a4 alquiler coche m\u00e1laga en M\u00e1laga con Fetajo Rent a Car. Alquila tu coche en el aeropuerto de M\u00e1laga y explora la Costa del Sol.","rank_math_canonical_url":"","rank_math_focus_keyword":"audi a4 alquiler coche m\u00e1laga"},"categories":[11],"tags":[],"class_list":["post-668","post","type-post","status-publish","format-standard","has-post-thumbnail","hentry","category-modelos"],"_links":{"self":[{"href":"https:\/\/fetajorentacar.com\/es\/wp-json\/wp\/v2\/posts\/668","targetHints":{"allow":["GET"]}}],"collection":[{"href":"https:\/\/fetajorentacar.com\/es\/wp-json\/wp\/v2\/posts"}],"about":[{"href":"https:\/\/fetajorentacar.com\/es\/wp-json\/wp\/v2\/types\/post"}],"author":[{"embeddable":true,"href":"https:\/\/fetajorentacar.com\/es\/wp-json\/wp\/v2\/users\/1"}],"replies":[{"embeddable":true,"href":"https:\/\/fetajorentacar.com\/es\/wp-json\/wp\/v2\/comments?post=668"}],"version-history":[{"count":0,"href":"https:\/\/fetajorentacar.com\/es\/wp-json\/wp\/v2\/posts\/668\/revisions"}],"wp:featuredmedia":[{"embeddable":true,"href":"https:\/\/fetajorentacar.com\/es\/wp-json\/wp\/v2\/media\/679"}],"wp:attachment":[{"href":"https:\/\/fetajorentacar.com\/es\/wp-json\/wp\/v2\/media?parent=668"}],"wp:term":[{"taxonomy":"category","embeddable":true,"href":"https:\/\/fetajorentacar.com\/es\/wp-json\/wp\/v2\/categories?post=668"},{"taxonomy":"post_tag","embeddable":true,"href":"https:\/\/fetajorentacar.com\/es\/wp-json\/wp\/v2\/tags?post=668"}],"curies":[{"name":"wp","href":"https:\/\/api.w.org\/{rel}","templated":true}]}}