{"id":7778,"date":"2023-12-24T11:36:25","date_gmt":"2023-12-24T11:36:25","guid":{"rendered":"https:\/\/fetajorentacar.com\/we-want-to-accompany-you-in-these-christmas-parties\/"},"modified":"2023-12-24T11:41:01","modified_gmt":"2023-12-24T11:41:01","slug":"we-want-to-accompany-you-in-these-christmas-parties","status":"publish","type":"post","link":"https:\/\/fetajorentacar.com\/es\/we-want-to-accompany-you-in-these-christmas-parties\/","title":{"rendered":"Te queremos acompa\u00f1ar\u00a0en estas fiestas, Feliz Navidad"},"content":{"rendered":"<p><img fetchpriority=\"high\" decoding=\"async\" class=\"alignnone size-full wp-image-7779\" src=\"https:\/\/fetajorentacar.com\/wp-content\/uploads\/2023\/12\/Navidad-2023-2.webp\" alt=\"\" width=\"1588\" height=\"1080\" srcset=\"https:\/\/fetajorentacar.com\/wp-content\/uploads\/2023\/12\/Navidad-2023-2.webp 1588w, https:\/\/fetajorentacar.com\/wp-content\/uploads\/2023\/12\/Navidad-2023-2-300x204.webp 300w, https:\/\/fetajorentacar.com\/wp-content\/uploads\/2023\/12\/Navidad-2023-2-1024x696.webp 1024w, https:\/\/fetajorentacar.com\/wp-content\/uploads\/2023\/12\/Navidad-2023-2-768x522.webp 768w, https:\/\/fetajorentacar.com\/wp-content\/uploads\/2023\/12\/Navidad-2023-2-1536x1045.webp 1536w\" sizes=\"(max-width: 1588px) 100vw, 1588px\" \/><\/p>\n<p>&nbsp;<\/p>\n<h1>Te queremos acompa\u00f1ar\u00a0en estas fiestas<\/h1>\n<p>Con el brillo de las luces navide\u00f1as y el calor de los buenos deseos, desde <strong>Fetajo Rent a Car<\/strong>, queremos hacerles llegar nuestro m\u00e1s sincero agradecimiento por confiar en nosotros durante este a\u00f1o.<\/p>\n<p><strong>Te queremos acompa\u00f1ar en estas fiestas,<\/strong> porque sabemos que cada viaje, cada destino, cada kil\u00f3metro recorrido es parte de una historia inolvidable. Estamos aqu\u00ed para seguir siendo parte de esas historias.<\/p>\n<p><strong>Desde Fetajo Rent a Car te deseamos Felices Fiestas<\/strong> y un <strong>A\u00f1o Nuevo lleno de alegr\u00edas y \u00e9xitos.<\/strong> Que estas fechas sean el inicio de un a\u00f1o lleno de metas alcanzadas y sue\u00f1os cumplidos.<\/p>\n<p>Todo el equipo de <strong>Fetajo Rent a Car<\/strong> se une para desearles lo mejor en estas semanas festivas. Que la magia de la Navidad ilumine cada hogar y traiga consigo salud, amor y prosperidad.<\/p>\n<p><strong>\u00a1Cu\u00eddese y celebre con alegr\u00eda!<\/strong> Nuestro compromiso sigue siendo ofrecerles el mejor servicio y acompa\u00f1arlos en cada uno de sus viajes.<\/p>\n<p>Con los mejores deseos,<\/p>\n","protected":false},"excerpt":{"rendered":"<p>&nbsp; Te queremos acompa\u00f1ar\u00a0en estas fiestas Con el brillo de las luces [&hellip;]<\/p>\n","protected":false},"author":1,"featured_media":7776,"comment_status":"open","ping_status":"closed","sticky":false,"template":"","format":"standard","meta":{"footnotes":"","rank_math_title":"Feliz Navidad Alquiler Coches M\u00e1laga | Fetajo Rent a Car","rank_math_description":"Descubre feliz navidad alquiler coches m\u00e1laga en M\u00e1laga con Fetajo Rent a Car. Alquila tu coche en el aeropuerto de M\u00e1laga y explora la Costa del Sol.","rank_math_canonical_url":"","rank_math_focus_keyword":"feliz navidad alquiler coches m\u00e1laga"},"categories":[1],"tags":[],"class_list":["post-7778","post","type-post","status-publish","format-standard","has-post-thumbnail","hentry","category-general"],"_links":{"self":[{"href":"https:\/\/fetajorentacar.com\/es\/wp-json\/wp\/v2\/posts\/7778","targetHints":{"allow":["GET"]}}],"collection":[{"href":"https:\/\/fetajorentacar.com\/es\/wp-json\/wp\/v2\/posts"}],"about":[{"href":"https:\/\/fetajorentacar.com\/es\/wp-json\/wp\/v2\/types\/post"}],"author":[{"embeddable":true,"href":"https:\/\/fetajorentacar.com\/es\/wp-json\/wp\/v2\/users\/1"}],"replies":[{"embeddable":true,"href":"https:\/\/fetajorentacar.com\/es\/wp-json\/wp\/v2\/comments?post=7778"}],"version-history":[{"count":0,"href":"https:\/\/fetajorentacar.com\/es\/wp-json\/wp\/v2\/posts\/7778\/revisions"}],"wp:featuredmedia":[{"embeddable":true,"href":"https:\/\/fetajorentacar.com\/es\/wp-json\/wp\/v2\/media\/7776"}],"wp:attachment":[{"href":"https:\/\/fetajorentacar.com\/es\/wp-json\/wp\/v2\/media?parent=7778"}],"wp:term":[{"taxonomy":"category","embeddable":true,"href":"https:\/\/fetajorentacar.com\/es\/wp-json\/wp\/v2\/categories?post=7778"},{"taxonomy":"post_tag","embeddable":true,"href":"https:\/\/fetajorentacar.com\/es\/wp-json\/wp\/v2\/tags?post=7778"}],"curies":[{"name":"wp","href":"https:\/\/api.w.org\/{rel}","templated":true}]}}